{"id":1806,"date":"2024-08-27T20:10:03","date_gmt":"2024-08-27T20:10:03","guid":{"rendered":"https:\/\/emiliaromagnainberlin.de\/2024\/08\/27\/stammtisch-montag-2-september-2024-1800-uhr\/"},"modified":"2024-08-27T20:11:53","modified_gmt":"2024-08-27T20:11:53","slug":"stammtisch-montag-2-september-2024-1800-uhr","status":"publish","type":"post","link":"https:\/\/emiliaromagnainberlin.de\/de\/2024\/08\/27\/stammtisch-montag-2-september-2024-1800-uhr\/","title":{"rendered":"STAMMTISCH | MONTAG 2. SEPTEMBER 2024 18:00 UHR"},"content":{"rendered":"\n<p>Am Festungsgraben 2, 10117 Berlin<\/p>\n\n<figure class=\"wp-block-image size-large\"><img loading=\"lazy\" decoding=\"async\" width=\"771\" height=\"1024\" src=\"https:\/\/emiliaromagnainberlin.de\/wp-content\/uploads\/2024\/08\/Tavolata_02_09_2024-771x1024.png\" alt=\"\" class=\"wp-image-1803\" srcset=\"https:\/\/emiliaromagnainberlin.de\/wp-content\/uploads\/2024\/08\/Tavolata_02_09_2024-771x1024.png 771w, https:\/\/emiliaromagnainberlin.de\/wp-content\/uploads\/2024\/08\/Tavolata_02_09_2024-226x300.png 226w, https:\/\/emiliaromagnainberlin.de\/wp-content\/uploads\/2024\/08\/Tavolata_02_09_2024-768x1020.png 768w, https:\/\/emiliaromagnainberlin.de\/wp-content\/uploads\/2024\/08\/Tavolata_02_09_2024-60x80.png 60w, https:\/\/emiliaromagnainberlin.de\/wp-content\/uploads\/2024\/08\/Tavolata_02_09_2024-452x600.png 452w, https:\/\/emiliaromagnainberlin.de\/wp-content\/uploads\/2024\/08\/Tavolata_02_09_2024.png 827w\" sizes=\"auto, (max-width: 771px) 100vw, 771px\" \/><\/figure>\n\n<p>Wir freuen uns, Sie zum n\u00e4chsten Stammtisch des Vereins in der Kantine des <a href=\"https:\/\/maps.app.goo.gl\/YbWwuiMY5h6CDqk9A\" data-type=\"URL\" data-id=\"https:\/\/maps.app.goo.gl\/YbWwuiMY5h6CDqk9A\">Maxim Gorki Theater <\/a>einzuladen. Das Men\u00fc wechselt t\u00e4glich und kostet weniger als 10 \u20ac. Wir treffen uns im Innenhof unter dem wei\u00dfen Pavillon. Bitte gehen Sie durch den Haupteingang des Theaters und biegen Sie dann rechts ab.  <br\/><br\/>Wenn es die R\u00e4umlichkeiten erlauben, wird Lisa Mazzi \u00fcber ihr neues Buch <a href=\"https:\/\/www.pmedizioni.it\/prodotto\/che-genere-di-donna\/\" data-type=\"URL\" data-id=\"https:\/\/www.pmedizioni.it\/prodotto\/che-genere-di-donna\/\"><g id=\"gid_0\">&#8222;Che genere di donna?&#8220; Retrosprettive femministe di due expat tra Italia e Germania&#8220; PM edizioni. <br\/><\/g>  <\/a>Die B\u00fccher werden zum bescheidenen Preis von 17 \u20ac zu erwerben sein.<br\/><br\/>Bitte best\u00e4tigen Sie Ihre Teilnahme an info@emiliaromagnainberlin.de<\/p>\n","protected":false},"excerpt":{"rendered":"<p>Am Festungsgraben 2, 10117 Berlin Wir freuen uns, Sie zum n\u00e4chsten Stammtisch des Vereins in der Kantine des Maxim Gorki Theater einzuladen. Das Men\u00fc wechselt t\u00e4glich und kostet weniger als [&hellip;]<\/p>\n","protected":false},"author":4,"featured_media":0,"comment_status":"closed","ping_status":"open","sticky":false,"template":"","format":"standard","meta":{"footnotes":""},"categories":[102],"tags":[],"class_list":["post-1806","post","type-post","status-publish","format-standard","hentry","category-stammtisch-de"],"_links":{"self":[{"href":"https:\/\/emiliaromagnainberlin.de\/de\/wp-json\/wp\/v2\/posts\/1806","targetHints":{"allow":["GET"]}}],"collection":[{"href":"https:\/\/emiliaromagnainberlin.de\/de\/wp-json\/wp\/v2\/posts"}],"about":[{"href":"https:\/\/emiliaromagnainberlin.de\/de\/wp-json\/wp\/v2\/types\/post"}],"author":[{"embeddable":true,"href":"https:\/\/emiliaromagnainberlin.de\/de\/wp-json\/wp\/v2\/users\/4"}],"replies":[{"embeddable":true,"href":"https:\/\/emiliaromagnainberlin.de\/de\/wp-json\/wp\/v2\/comments?post=1806"}],"version-history":[{"count":7,"href":"https:\/\/emiliaromagnainberlin.de\/de\/wp-json\/wp\/v2\/posts\/1806\/revisions"}],"predecessor-version":[{"id":1813,"href":"https:\/\/emiliaromagnainberlin.de\/de\/wp-json\/wp\/v2\/posts\/1806\/revisions\/1813"}],"wp:attachment":[{"href":"https:\/\/emiliaromagnainberlin.de\/de\/wp-json\/wp\/v2\/media?parent=1806"}],"wp:term":[{"taxonomy":"category","embeddable":true,"href":"https:\/\/emiliaromagnainberlin.de\/de\/wp-json\/wp\/v2\/categories?post=1806"},{"taxonomy":"post_tag","embeddable":true,"href":"https:\/\/emiliaromagnainberlin.de\/de\/wp-json\/wp\/v2\/tags?post=1806"}],"curies":[{"name":"wp","href":"https:\/\/api.w.org\/{rel}","templated":true}]}}