{"id":1676,"date":"2020-12-17T21:29:42","date_gmt":"2020-12-17T21:29:42","guid":{"rendered":"http:\/\/emiliaromagnainberlin.de\/?p=1676"},"modified":"2020-12-17T21:29:45","modified_gmt":"2020-12-17T21:29:45","slug":"montag-21-dezember-von-1800-uhr-bis-circa-2000-uhr-weihnachtsfeier","status":"publish","type":"post","link":"https:\/\/emiliaromagnainberlin.de\/de\/2020\/12\/17\/montag-21-dezember-von-1800-uhr-bis-circa-2000-uhr-weihnachtsfeier\/","title":{"rendered":"Montag 21. Dezember von 18:00 Uhr bis circa 20:00 Uhr | Weihnachtsfeier"},"content":{"rendered":"\n<p>Wir w\u00fcrden euch gerne virtuell treffen, um gemeinsam anzusto\u00dfen und euch ein Frohes Fest zu w\u00fcnschen. Unsere Idee w\u00e4re, dass ihr euch aktiv beteiligt, zum Beispiel  mit einer kleinen Lesung, einem Liedchen oder einer lustigen (oder auch traurigen) Geschichte, die ihr in diesen langen Monaten der Pandemie erlebt habt. Jeder Beitrag sollte maximal 10 Minuten dauern und nat\u00fcrlich nur auf freiwilliger Basis. Wir denken, das w\u00e4re eine sch\u00f6ne Sache!<\/p>\n\n\n\n<p>Bitte gebt uns per E-Mail Bescheid, um den Link (Skype) zu erhalten.<\/p>\n","protected":false},"excerpt":{"rendered":"<p>Wir w\u00fcrden euch gerne virtuell treffen, um gemeinsam anzusto\u00dfen und euch ein Frohes Fest zu w\u00fcnschen. Unsere Idee w\u00e4re, dass ihr euch aktiv beteiligt, zum Beispiel mit einer kleinen Lesung, [&hellip;]<\/p>\n","protected":false},"author":4,"featured_media":0,"comment_status":"closed","ping_status":"open","sticky":false,"template":"","format":"standard","meta":{"footnotes":""},"categories":[102],"tags":[],"class_list":["post-1676","post","type-post","status-publish","format-standard","hentry","category-stammtisch-de"],"_links":{"self":[{"href":"https:\/\/emiliaromagnainberlin.de\/de\/wp-json\/wp\/v2\/posts\/1676","targetHints":{"allow":["GET"]}}],"collection":[{"href":"https:\/\/emiliaromagnainberlin.de\/de\/wp-json\/wp\/v2\/posts"}],"about":[{"href":"https:\/\/emiliaromagnainberlin.de\/de\/wp-json\/wp\/v2\/types\/post"}],"author":[{"embeddable":true,"href":"https:\/\/emiliaromagnainberlin.de\/de\/wp-json\/wp\/v2\/users\/4"}],"replies":[{"embeddable":true,"href":"https:\/\/emiliaromagnainberlin.de\/de\/wp-json\/wp\/v2\/comments?post=1676"}],"version-history":[{"count":1,"href":"https:\/\/emiliaromagnainberlin.de\/de\/wp-json\/wp\/v2\/posts\/1676\/revisions"}],"predecessor-version":[{"id":1677,"href":"https:\/\/emiliaromagnainberlin.de\/de\/wp-json\/wp\/v2\/posts\/1676\/revisions\/1677"}],"wp:attachment":[{"href":"https:\/\/emiliaromagnainberlin.de\/de\/wp-json\/wp\/v2\/media?parent=1676"}],"wp:term":[{"taxonomy":"category","embeddable":true,"href":"https:\/\/emiliaromagnainberlin.de\/de\/wp-json\/wp\/v2\/categories?post=1676"},{"taxonomy":"post_tag","embeddable":true,"href":"https:\/\/emiliaromagnainberlin.de\/de\/wp-json\/wp\/v2\/tags?post=1676"}],"curies":[{"name":"wp","href":"https:\/\/api.w.org\/{rel}","templated":true}]}}