{"id":1442,"date":"2019-07-02T08:06:05","date_gmt":"2019-07-02T08:06:05","guid":{"rendered":"http:\/\/emiliaromagnainberlin.de\/?p=1442"},"modified":"2019-07-02T08:06:08","modified_gmt":"2019-07-02T08:06:08","slug":"6-juli-2019-1845-konzert-auf-den-spuren-von-liedermachern-aus-der-emilia-romagna-noir-col","status":"publish","type":"post","link":"https:\/\/emiliaromagnainberlin.de\/de\/2019\/07\/02\/6-juli-2019-1845-konzert-auf-den-spuren-von-liedermachern-aus-der-emilia-romagna-noir-col\/","title":{"rendered":"6. JULI 2019 | 18:45 KONZERT AUF DEN SPUREN VON LIEDERMACHERN AUS DER EMILIA-ROMAGNA &#8211; Noir Col"},"content":{"rendered":"\n<p><strong>ZUNFTWIRTSCHAFT &#8211; Arminiusstra\u00dfe 2, 10551 Berlin<\/strong><\/p>\n\n\n\n<p>In Kooperation mit unseren Freunden der <a href=\"https:\/\/danteberlin.com\/\" target=\"_blank\" rel=\"noreferrer noopener\">SOCIET\u00c0 DANTE ALIGHIERI<\/a> m\u00f6chten wir euch zu einem Musikabend mit dem Duo &#8222;Noir Col&#8220; einladen!<\/p>\n\n\n\n<p>Das Duo \u201cNoir Coil\u201d widmet den Liedermachern aus der Emilia-Romagna ein Konzert. Von Lucio Dalla \u00fcber Guccini, bis zu den S\u00e4ngern, die der Region ihre Ehre erwiesen, wie Vinicio Capossela. Die Songs der Liedermacher aus der Emilia-Romagna werden von neuartigen St\u00fccken der Band erg\u00e4nzt, anl\u00e4sslich des Erscheinens ihres Albums vom Dezember 2018 \u201cLa teoria del primo passo \u2013 Vol.1\u201d.<\/p>\n\n\n\n<p>Einige Beispiele: <a href=\"https:\/\/www.youtube.com\/watch?v=kFfhBX7ET-4\" rel=\"noreferrer noopener\" target=\"_blank\">\u201cAttenti al Lupo\u201d<\/a>, Lucio Dalla<br><a href=\"https:\/\/www.youtube.com\/watch?v=c7nj791_9Yk\" rel=\"noreferrer noopener\" target=\"_blank\">\u201cLa Locomotiva\u201d<\/a>, Francesco Guccini<br><a href=\"https:\/\/www.youtube.com\/watch?v=4IlahgW5WtU\" rel=\"noreferrer noopener\" target=\"_blank\">\u201cDiavolo in me\u201d<\/a>, Zucchero<\/p>\n\n\n\n<p>Die Veranstaltung wird am 6. Juli um 18:45 Uhr in der <a href=\"https:\/\/web.facebook.com\/Zunftwirtschaft\/\">\u201cZunftwirtschaft\u201d<\/a> in der Arminiusstra\u00dfe 2 stattfinden.<\/p>\n\n\n\n<p>Der Eintritt ist kostenlos f\u00fcr Mitglieder, f\u00fcr alle anderen wird es 7 Euro kosten.<\/p>\n\n\n\n<p>Bitte best\u00e4tigt Eure Teilnahme unter der folgenden E-mailadresse: <a href=\"mailto:info@emiliaromagnainberlin.de\" rel=\"noreferrer noopener\" target=\"_blank\">info@emiliaromagnainberlin.de<\/a> und schaut auch bei unserer <a href=\"https:\/\/www.facebook.com\/events\/1044431559094055\/\" rel=\"noreferrer noopener\" target=\"_blank\">Facebook Veranstaltung<\/a> vorbei.<\/p>\n","protected":false},"excerpt":{"rendered":"<p>ZUNFTWIRTSCHAFT &#8211; Arminiusstra\u00dfe 2, 10551 Berlin In Kooperation mit unseren Freunden der SOCIET\u00c0 DANTE ALIGHIERI m\u00f6chten wir euch zu einem Musikabend mit dem Duo &#8222;Noir Col&#8220; einladen! Das Duo \u201cNoir [&hellip;]<\/p>\n","protected":false},"author":4,"featured_media":0,"comment_status":"closed","ping_status":"open","sticky":false,"template":"","format":"standard","meta":{"footnotes":""},"categories":[100],"tags":[],"class_list":["post-1442","post","type-post","status-publish","format-standard","hentry","category-veranstaltungen"],"_links":{"self":[{"href":"https:\/\/emiliaromagnainberlin.de\/de\/wp-json\/wp\/v2\/posts\/1442","targetHints":{"allow":["GET"]}}],"collection":[{"href":"https:\/\/emiliaromagnainberlin.de\/de\/wp-json\/wp\/v2\/posts"}],"about":[{"href":"https:\/\/emiliaromagnainberlin.de\/de\/wp-json\/wp\/v2\/types\/post"}],"author":[{"embeddable":true,"href":"https:\/\/emiliaromagnainberlin.de\/de\/wp-json\/wp\/v2\/users\/4"}],"replies":[{"embeddable":true,"href":"https:\/\/emiliaromagnainberlin.de\/de\/wp-json\/wp\/v2\/comments?post=1442"}],"version-history":[{"count":1,"href":"https:\/\/emiliaromagnainberlin.de\/de\/wp-json\/wp\/v2\/posts\/1442\/revisions"}],"predecessor-version":[{"id":1443,"href":"https:\/\/emiliaromagnainberlin.de\/de\/wp-json\/wp\/v2\/posts\/1442\/revisions\/1443"}],"wp:attachment":[{"href":"https:\/\/emiliaromagnainberlin.de\/de\/wp-json\/wp\/v2\/media?parent=1442"}],"wp:term":[{"taxonomy":"category","embeddable":true,"href":"https:\/\/emiliaromagnainberlin.de\/de\/wp-json\/wp\/v2\/categories?post=1442"},{"taxonomy":"post_tag","embeddable":true,"href":"https:\/\/emiliaromagnainberlin.de\/de\/wp-json\/wp\/v2\/tags?post=1442"}],"curies":[{"name":"wp","href":"https:\/\/api.w.org\/{rel}","templated":true}]}}